{"id":11614,"date":"2026-04-17T11:21:04","date_gmt":"2026-04-17T15:21:04","guid":{"rendered":"https:\/\/members.cutaactu.ca\/?p=11614"},"modified":"2026-04-17T11:26:34","modified_gmt":"2026-04-17T15:26:34","slug":"on-celebre-la-toute-premiere-journee-mondiale-des-transports-collectifs-au-canada","status":"publish","type":"post","link":"https:\/\/members.cutaactu.ca\/fr\/on-celebre-la-toute-premiere-journee-mondiale-des-transports-collectifs-au-canada\/","title":{"rendered":"On c\u00e9l\u00e8bre la toute premi\u00e8re Journ\u00e9e mondiale des transports collectifs au Canada"},"content":{"rendered":"<p>On est fi\u00e8re de s\u2019associer \u00e0 l\u2019Union internationale des transports publics (UITP) pour lancer la toute premi\u00e8re Journ\u00e9e mondiale des transports publics au Canada le 17 avril 2026 \u2014 une nouvelle c\u00e9l\u00e9bration mondiale qui souligne le r\u00f4le essentiel du transport collectif dans notre vie quotidienne.<\/p>\n<p>D\u2019un oc\u00e9an \u00e0 l\u2019autre, des collectivit\u00e9s partout au pays se pr\u00e9parent \u00e0 c\u00e9l\u00e9brer les r\u00e9seaux, les travailleurs et les usagers qui assurent la mobilit\u00e9 de nos communaut\u00e9s chaque jour. Cet \u00e9v\u00e9nement inaugural met en lumi\u00e8re l\u2019importance du transport collectif pour relier les gens, soutenir la croissance \u00e9conomique et favoriser une mobilit\u00e9 durable.<\/p>\n<p>Les Canadiens sont invit\u00e9s \u00e0 suivre les c\u00e9l\u00e9brations qui se d\u00e9rouleront \u00e0 travers le pays, notamment l\u2019illumination de sites embl\u00e9matiques comme la Tour CN, les chutes Niagara et la Tour de Calgary, entre autres. Les r\u00e9seaux de transport collectif d\u2019un bout \u00e0 l\u2019autre du pays souligneront l\u2019occasion par diverses activit\u00e9s et initiatives locales.<\/p>\n<p>\u00ab La Journ\u00e9e mondiale des transports publics est une occasion importante non seulement de c\u00e9l\u00e9brer le transport collectif ici au Canada, mais aussi de nous rassembler \u00e0 l\u2019\u00e9chelle mondiale \u00bb, a d\u00e9clar\u00e9 Marco D\u2019Angelo, pr\u00e9sident-directeur g\u00e9n\u00e9ral de l\u2019ACTU. \u00ab Le transport collectif relie les personnes \u00e0 travers les villes, les r\u00e9gions et les pays, et gr\u00e2ce \u00e0 la collaboration et au partage des connaissances, nous pouvons continuer \u00e0 b\u00e2tir des r\u00e9seaux plus solides et durables pour l\u2019avenir. \u00bb<\/p>\n<p>On encourage nos membres et partenaires \u00e0 travers le pays \u00e0 participer \u00e0 cette importante c\u00e9l\u00e9bration mondiale et \u00e0 souligner le r\u00f4le essentiel du transport collectif dans la cr\u00e9ation de collectivit\u00e9s dynamiques, connect\u00e9es et durables. N\u2019oubliez pas d\u2019utiliser le mot-clic <strong data-start=\"37\" data-end=\"50\">#<\/strong><strong>JMTC<\/strong><strong>2026<\/strong> pour participer.<\/p>\n<p>Apprenez-en davantage sur la fa\u00e7on dont vous pouvez participer <a href=\"https:\/\/cutaactu.ca\/journee-mondiale-des-transports-collectifs\/?lang=fr\">ici<\/a>.<\/p>\n","protected":false},"excerpt":{"rendered":"<p>On encourage nos membres et partenaires \u00e0 travers le pays \u00e0 participer \u00e0 cette importante c\u00e9l\u00e9bration mondiale !<\/p>\n","protected":false},"author":742,"featured_media":11261,"comment_status":"closed","ping_status":"open","sticky":false,"template":"","format":"standard","meta":{"_acf_changed":false,"footnotes":""},"categories":[2],"tags":[],"class_list":["post-11614","post","type-post","status-publish","format-standard","has-post-thumbnail","hentry","category-non-classifiee"],"acf":[],"featured_image_src":"https:\/\/members.cutaactu.ca\/wp-content\/uploads\/2026\/03\/WPTD-Banner-04-600x400.png","featured_image_src_square":"https:\/\/members.cutaactu.ca\/wp-content\/uploads\/2026\/03\/WPTD-Banner-04-600x600.png","author_info":{"display_name":"Kelly Luke","author_link":"https:\/\/members.cutaactu.ca\/fr\/author\/lukecutaactu-ca\/"},"_links":{"self":[{"href":"https:\/\/members.cutaactu.ca\/fr\/wp-json\/wp\/v2\/posts\/11614","targetHints":{"allow":["GET"]}}],"collection":[{"href":"https:\/\/members.cutaactu.ca\/fr\/wp-json\/wp\/v2\/posts"}],"about":[{"href":"https:\/\/members.cutaactu.ca\/fr\/wp-json\/wp\/v2\/types\/post"}],"author":[{"embeddable":true,"href":"https:\/\/members.cutaactu.ca\/fr\/wp-json\/wp\/v2\/users\/742"}],"replies":[{"embeddable":true,"href":"https:\/\/members.cutaactu.ca\/fr\/wp-json\/wp\/v2\/comments?post=11614"}],"version-history":[{"count":3,"href":"https:\/\/members.cutaactu.ca\/fr\/wp-json\/wp\/v2\/posts\/11614\/revisions"}],"predecessor-version":[{"id":11617,"href":"https:\/\/members.cutaactu.ca\/fr\/wp-json\/wp\/v2\/posts\/11614\/revisions\/11617"}],"wp:featuredmedia":[{"embeddable":true,"href":"https:\/\/members.cutaactu.ca\/fr\/wp-json\/wp\/v2\/media\/11261"}],"wp:attachment":[{"href":"https:\/\/members.cutaactu.ca\/fr\/wp-json\/wp\/v2\/media?parent=11614"}],"wp:term":[{"taxonomy":"category","embeddable":true,"href":"https:\/\/members.cutaactu.ca\/fr\/wp-json\/wp\/v2\/categories?post=11614"},{"taxonomy":"post_tag","embeddable":true,"href":"https:\/\/members.cutaactu.ca\/fr\/wp-json\/wp\/v2\/tags?post=11614"}],"curies":[{"name":"wp","href":"https:\/\/api.w.org\/{rel}","templated":true}]}}