{"id":11568,"date":"2026-04-09T16:05:37","date_gmt":"2026-04-09T20:05:37","guid":{"rendered":"https:\/\/members.cutaactu.ca\/?p=11568"},"modified":"2026-04-09T16:12:42","modified_gmt":"2026-04-09T20:12:42","slug":"%f0%9f%9a%8d-journee-mondiale-des-transports-collectifs-plus-quune-semaine","status":"publish","type":"post","link":"https:\/\/members.cutaactu.ca\/fr\/%f0%9f%9a%8d-journee-mondiale-des-transports-collectifs-plus-quune-semaine\/","title":{"rendered":"&#x1f68d; Journ\u00e9e mondiale des transports collectifs : plus qu\u2019une semaine !"},"content":{"rendered":"<p>L\u2019ACTU est fi\u00e8re de s\u2019associer \u00e0 <a class=\"sc-lcVlPe SHtOz vk-MessageMention\" href=\"https:\/\/www.facebook.com\/236942706348614\" target=\"_blank\" rel=\"noopener\">UITP<\/a> pour lancer, pour la toute premi\u00e8re fois au Canada, la Journ\u00e9e mondiale des transports collectifs le 17 avril 2026 \u2014 une nouvelle c\u00e9l\u00e9bration mondiale qui souligne le r\u00f4le essentiel du transport collectif dans notre quotidien.<\/p>\n<p>D\u2019un oc\u00e9an \u00e0 l\u2019autre, nous nous pr\u00e9parons \u00e0 c\u00e9l\u00e9brer les r\u00e9seaux, les personnes et les usagers qui assurent la mobilit\u00e9 de nos communaut\u00e9s.<\/p>\n<p>Restez \u00e0 l\u2019aff\u00fbt pour d\u00e9couvrir les c\u00e9l\u00e9brations \u00e0 travers le Canada \u2014 notamment l\u2019illumination de la Tour CN, des chutes du Niagara et de la tour de Calgary, et bien plus encore, alors que les r\u00e9seaux de transport marquent l\u2019occasion d\u2019un bout \u00e0 l\u2019autre du pays !<\/p>\n<h2><\/h2>\n<h2><span data-olk-copy-source=\"MessageBody\">L\u2019ACTU encourage tous ses membres \u00e0 participer<\/span><\/h2>\n<p>L\u2019ACTU invite tous ses membres (r\u00e9seaux, exploitants, autorit\u00e9s et partenaires de l\u2019industrie) \u00e0 prendre part \u00e0 cet important mouvement mondial en t\u00e9l\u00e9chargeant et en utilisant la trousse officielle de la campagne.\u00a0<a title=\"https:\/\/cutaactu.us10.list-manage.com\/track\/click?u=a66dfa789dad99a5e6e7c75bd&amp;id=67bc145cdc&amp;e=6c10cf31e2\" href=\"https:\/\/cutaactu.us10.list-manage.com\/track\/click?u=a66dfa789dad99a5e6e7c75bd&amp;id=67bc145cdc&amp;e=6c10cf31e2\" target=\"_blank\" rel=\"noopener noreferrer\" data-auth=\"NotApplicable\" data-linkindex=\"6\"><strong>Acc\u00e8s \u00e0 la bo\u00eete \u00e0 outils est gratuit<\/strong><\/a>\u00a0et comprend tout le n\u00e9cessaire, facilitant la participation \u00e0 toutes les \u00e9chelles, d\u2019un simple engagement num\u00e9rique \u00e0 des campagnes communautaires compl\u00e8tes.<\/p>\n<p><strong>La trousse comprend :<\/strong><\/p>\n<ul>\n<li>Messages cl\u00e9s<\/li>\n<li>Contenu pr\u00eat \u00e0 publier pour les m\u00e9dias sociaux<\/li>\n<li>Documents de presse<\/li>\n<li>Outils et conseils en mati\u00e8re de repr\u00e9sentation<\/li>\n<li>Id\u00e9es d\u2019activation<\/li>\n<\/ul>\n<p class=\"x_last-child\">En se joignant \u00e0 la c\u00e9l\u00e9bration et en utilisant la trousse, les membres peuvent accro\u00eetre la sensibilisation, renforcer leurs efforts de repr\u00e9sentation, mobiliser leurs communaut\u00e9s et faire partie d\u2019un puissant nouveau mouvement mondial en faveur du\u00a0<span class=\"markzb5dmmiks\" data-markjs=\"true\" data-ogac=\"\" data-ogab=\"\" data-ogsc=\"\" data-ogsb=\"\">transport<\/span>\u00a0collectif.<\/p>\n","protected":false},"excerpt":{"rendered":"<p>Restez \u00e0 l\u2019aff\u00fbt pour d\u00e9couvrir les c\u00e9l\u00e9brations \u00e0 travers le Canada<\/p>\n","protected":false},"author":742,"featured_media":11570,"comment_status":"closed","ping_status":"open","sticky":false,"template":"","format":"standard","meta":{"_acf_changed":false,"footnotes":""},"categories":[2],"tags":[],"class_list":["post-11568","post","type-post","status-publish","format-standard","has-post-thumbnail","hentry","category-non-classifiee"],"acf":[],"featured_image_src":"https:\/\/members.cutaactu.ca\/wp-content\/uploads\/2026\/04\/WPTD2026_Instagram-posts-FR_Linkedin_Standalone-post_1-1-600x400.png","featured_image_src_square":"https:\/\/members.cutaactu.ca\/wp-content\/uploads\/2026\/04\/WPTD2026_Instagram-posts-FR_Linkedin_Standalone-post_1-1-600x600.png","author_info":{"display_name":"Kelly Luke","author_link":"https:\/\/members.cutaactu.ca\/fr\/author\/lukecutaactu-ca\/"},"_links":{"self":[{"href":"https:\/\/members.cutaactu.ca\/fr\/wp-json\/wp\/v2\/posts\/11568","targetHints":{"allow":["GET"]}}],"collection":[{"href":"https:\/\/members.cutaactu.ca\/fr\/wp-json\/wp\/v2\/posts"}],"about":[{"href":"https:\/\/members.cutaactu.ca\/fr\/wp-json\/wp\/v2\/types\/post"}],"author":[{"embeddable":true,"href":"https:\/\/members.cutaactu.ca\/fr\/wp-json\/wp\/v2\/users\/742"}],"replies":[{"embeddable":true,"href":"https:\/\/members.cutaactu.ca\/fr\/wp-json\/wp\/v2\/comments?post=11568"}],"version-history":[{"count":1,"href":"https:\/\/members.cutaactu.ca\/fr\/wp-json\/wp\/v2\/posts\/11568\/revisions"}],"predecessor-version":[{"id":11571,"href":"https:\/\/members.cutaactu.ca\/fr\/wp-json\/wp\/v2\/posts\/11568\/revisions\/11571"}],"wp:featuredmedia":[{"embeddable":true,"href":"https:\/\/members.cutaactu.ca\/fr\/wp-json\/wp\/v2\/media\/11570"}],"wp:attachment":[{"href":"https:\/\/members.cutaactu.ca\/fr\/wp-json\/wp\/v2\/media?parent=11568"}],"wp:term":[{"taxonomy":"category","embeddable":true,"href":"https:\/\/members.cutaactu.ca\/fr\/wp-json\/wp\/v2\/categories?post=11568"},{"taxonomy":"post_tag","embeddable":true,"href":"https:\/\/members.cutaactu.ca\/fr\/wp-json\/wp\/v2\/tags?post=11568"}],"curies":[{"name":"wp","href":"https:\/\/api.w.org\/{rel}","templated":true}]}}