{"id":11260,"date":"2026-03-24T11:19:26","date_gmt":"2026-03-24T15:19:26","guid":{"rendered":"https:\/\/members.cutaactu.ca\/?p=11260"},"modified":"2026-03-24T12:09:50","modified_gmt":"2026-03-24T16:09:50","slug":"joignez-vous-a-la-celebration-mondiale-journee-mondiale-du-transport-collectif","status":"publish","type":"post","link":"https:\/\/members.cutaactu.ca\/fr\/joignez-vous-a-la-celebration-mondiale-journee-mondiale-du-transport-collectif\/","title":{"rendered":"Joignez-vous \u00e0 la c\u00e9l\u00e9bration mondiale: Journ\u00e9e mondiale du transport collectif"},"content":{"rendered":"<p>L\u2019ACTU est fi\u00e8re de collaborer avec l\u2019UITP afin de d\u00e9ployer <strong>la Journ\u00e9e mondiale du transport collectif<\/strong> au Canada. Lanc\u00e9e pour la toute premi\u00e8re fois <strong>le 17 avril 2026<\/strong>, cette nouvelle c\u00e9l\u00e9bration mondiale annuelle reconna\u00eet le r\u00f4le essentiel que joue le transport collectif dans notre vie quotidienne.<\/p>\n<p>&nbsp;<\/p>\n<p>Cr\u00e9\u00e9e par l\u2019UITP et soutenue au Canada par l\u2019ACTU, cette initiative internationale met en lumi\u00e8re la fa\u00e7on dont le transport collectif relie les communaut\u00e9s, soutient la croissance \u00e9conomique, am\u00e9liore la sant\u00e9 et le bien-\u00eatre, et favorise le d\u00e9veloppement durable dans les villes et les r\u00e9gions du monde entier.<\/p>\n<p>&nbsp;<\/p>\n<h3>L\u2019ACTU encourage tous ses membres \u00e0 participer<\/h3>\n<p>&nbsp;<\/p>\n<p>L\u2019ACTU invite tous ses membres (r\u00e9seaux, exploitants, autorit\u00e9s et partenaires de l\u2019industrie) \u00e0 prendre part \u00e0 cet important mouvement mondial en t\u00e9l\u00e9chargeant et en utilisant la trousse officielle de la campagne. <a href=\"https:\/\/cutaactu.ca\/WPTD2026-Assets-FR\"><strong>Acc\u00e8s \u00e0 la bo\u00eete \u00e0 outils est gratuit<\/strong><\/a> et comprend tout le n\u00e9cessaire, facilitant la participation \u00e0 toutes les \u00e9chelles, d\u2019un simple engagement num\u00e9rique \u00e0 des campagnes communautaires compl\u00e8tes.<\/p>\n<p>&nbsp;<\/p>\n<p><strong>La trousse comprend :<\/strong><\/p>\n<ul>\n<li>Messages cl\u00e9s<\/li>\n<li>Contenu pr\u00eat \u00e0 publier pour les m\u00e9dias sociaux<\/li>\n<li>Documents de presse<\/li>\n<li>Outils et conseils en mati\u00e8re de repr\u00e9sentation<\/li>\n<li>Id\u00e9es d\u2019activation<\/li>\n<\/ul>\n<p>&nbsp;<\/p>\n<p>En se joignant \u00e0 la c\u00e9l\u00e9bration et en utilisant la trousse, les membres peuvent accro\u00eetre la sensibilisation, renforcer leurs efforts de repr\u00e9sentation, mobiliser leurs communaut\u00e9s et faire partie d\u2019un puissant nouveau mouvement mondial en faveur du transport collectif.<\/p>\n<p>&nbsp;<\/p>\n<h1 data-pm-slice=\"1 1 []\"><strong>Inspirer la prochaine g\u00e9n\u00e9ration de professionnels du transport collectif<\/strong><\/h1>\n<p>\u00c0 l\u2019ACTU, nous allons encore plus loin pour c\u00e9l\u00e9brer la Journ\u00e9e mondiale du transport collectif.<\/p>\n<p style=\"font-weight: 400;\">Gr\u00e2ce au Programme de sensibilisation aux carri\u00e8res en transport collectif (CIPTOP), et avec le leadership de notre Sous-comit\u00e9 des jeunes et des leaders \u00e9mergents (YELSC), nous encourageons nos membres partout au Canada \u00e0 aller au-del\u00e0 de la sensibilisation et \u00e0 passer \u00e0 l\u2019action en \u00e9tablissant des liens directs avec les \u00e9tudiants et les talents de demain.<\/p>\n<p style=\"font-weight: 400;\"><strong>Comment vous pouvez participer<\/strong><\/p>\n<p style=\"font-weight: 400;\">Nous invitons les professionnels du transport collectif, y compris les agences de transport et les membres d\u2019affaires du secteur, \u00e0 participer <strong>le 17 avril <\/strong>en :<\/p>\n<ul>\n<li>Offrant des pr\u00e9sentations et en interagissant avec des \u00e9tudiants dans des \u00e9coles secondaires, des \u00e9tablissements postsecondaires, des \u00e9coles de m\u00e9tiers et des organismes communautaires. Des mod\u00e8les de pr\u00e9sentation pr\u00eats \u00e0 l\u2019emploi ont d\u00e9j\u00e0 \u00e9t\u00e9 \u00e9labor\u00e9s \u2014 il suffit de les adapter pour refl\u00e9ter votre organisation et votre exp\u00e9rience.<\/li>\n<li>Partageant tout mat\u00e9riel de pr\u00e9sentation ou toute ressource sur les carri\u00e8res existants avec l\u2019ACTU afin de continuer \u00e0 d\u00e9velopper et \u00e0 renforcer une biblioth\u00e8que nationale d\u2019outils de sensibilisation accessible \u00e0 tous les membres.<\/li>\n<li>Tirant parti de vos relations locales (\u00e9coles, coll\u00e8ges, groupes communautaires ou centres de carri\u00e8re) pour aider \u00e0 coordonner et \u00e0 planifier des activit\u00e9s de sensibilisation dans votre r\u00e9gion.<\/li>\n<li>Communiquer avec vos coll\u00e8gues au sein de votre organisation afin d\u2019encourager leur participation et d\u2019\u00e9largir nos efforts de sensibilisation.<\/li>\n<\/ul>\n<p>Travaillons ensemble pour avoir un impact significatif \u00e0 l\u2019occasion de la Journ\u00e9e mondiale des transports publics.<\/p>\n<h4><a href=\"https:\/\/www.surveymonkey.com\/r\/L9H26BC\">Remplissez le sondage pour participer.<\/a><\/h4>\n","protected":false},"excerpt":{"rendered":"<p>L\u2019ACTU est fi\u00e8re de collaborer avec l\u2019UITP afin de d\u00e9ployer la Journ\u00e9e mondiale du transport collectif au Canada. Lanc\u00e9e pour la toute premi\u00e8re fois le 17 avril 2026, cette nouvelle c\u00e9l\u00e9bration mondiale annuelle reconna\u00eet le r\u00f4le essentiel que joue le transport collectif dans notre vie quotidienne. &nbsp; Cr\u00e9\u00e9e par l\u2019UITP et soutenue au Canada par [&hellip;]<\/p>\n","protected":false},"author":742,"featured_media":11262,"comment_status":"closed","ping_status":"open","sticky":false,"template":"","format":"standard","meta":{"_acf_changed":false,"footnotes":""},"categories":[2],"tags":[],"class_list":["post-11260","post","type-post","status-publish","format-standard","has-post-thumbnail","hentry","category-non-classifiee"],"acf":[],"featured_image_src":"https:\/\/members.cutaactu.ca\/wp-content\/uploads\/2026\/03\/WPTD-Banner-04-1-scaled-e1774368577600-600x400.png","featured_image_src_square":"https:\/\/members.cutaactu.ca\/wp-content\/uploads\/2026\/03\/WPTD-Banner-04-1-scaled-e1774368577600-600x600.png","author_info":{"display_name":"Kelly Luke","author_link":"https:\/\/members.cutaactu.ca\/fr\/author\/lukecutaactu-ca\/"},"_links":{"self":[{"href":"https:\/\/members.cutaactu.ca\/fr\/wp-json\/wp\/v2\/posts\/11260","targetHints":{"allow":["GET"]}}],"collection":[{"href":"https:\/\/members.cutaactu.ca\/fr\/wp-json\/wp\/v2\/posts"}],"about":[{"href":"https:\/\/members.cutaactu.ca\/fr\/wp-json\/wp\/v2\/types\/post"}],"author":[{"embeddable":true,"href":"https:\/\/members.cutaactu.ca\/fr\/wp-json\/wp\/v2\/users\/742"}],"replies":[{"embeddable":true,"href":"https:\/\/members.cutaactu.ca\/fr\/wp-json\/wp\/v2\/comments?post=11260"}],"version-history":[{"count":1,"href":"https:\/\/members.cutaactu.ca\/fr\/wp-json\/wp\/v2\/posts\/11260\/revisions"}],"predecessor-version":[{"id":11263,"href":"https:\/\/members.cutaactu.ca\/fr\/wp-json\/wp\/v2\/posts\/11260\/revisions\/11263"}],"wp:featuredmedia":[{"embeddable":true,"href":"https:\/\/members.cutaactu.ca\/fr\/wp-json\/wp\/v2\/media\/11262"}],"wp:attachment":[{"href":"https:\/\/members.cutaactu.ca\/fr\/wp-json\/wp\/v2\/media?parent=11260"}],"wp:term":[{"taxonomy":"category","embeddable":true,"href":"https:\/\/members.cutaactu.ca\/fr\/wp-json\/wp\/v2\/categories?post=11260"},{"taxonomy":"post_tag","embeddable":true,"href":"https:\/\/members.cutaactu.ca\/fr\/wp-json\/wp\/v2\/tags?post=11260"}],"curies":[{"name":"wp","href":"https:\/\/api.w.org\/{rel}","templated":true}]}}