{"id":11191,"date":"2026-03-18T12:07:32","date_gmt":"2026-03-18T16:07:32","guid":{"rendered":"https:\/\/members.cutaactu.ca\/?p=11191"},"modified":"2026-03-18T12:09:06","modified_gmt":"2026-03-18T16:09:06","slug":"merci-aux-operateurs-et-travailleurs-du-transport-collectif","status":"publish","type":"post","link":"https:\/\/members.cutaactu.ca\/fr\/merci-aux-operateurs-et-travailleurs-du-transport-collectif\/","title":{"rendered":"Merci aux op\u00e9rateurs et travailleurs du transport collectif"},"content":{"rendered":"<p data-pm-slice=\"1 1 []\">L\u2019ACTU est fi\u00e8re de souligner le d\u00e9vouement des op\u00e9rateurs de premi\u00e8re ligne, ainsi que la contribution essentielle des \u00e9quipes d\u2019entretien, des m\u00e9caniciens, des r\u00e9partiteurs et de nombreux autres professionnels du transport collectif qui veillent au fonctionnement s\u00e9curitaire et efficace des r\u00e9seaux. Leur engagement contribue \u00e0 garantir que le transport collectif demeure accessible et fiable pour les collectivit\u00e9s partout au pays.<\/p>\n<p>Votre travail acharn\u00e9, votre d\u00e9vouement et votre engagement garantissent que les gens peuvent atteindre leurs destinations en toute s\u00e9curit\u00e9 et efficacement chaque jour. Merci pour vos efforts inlassables et votre service ind\u00e9fectible. Vous \u00eates l&#8217;\u00e9pine dorsale de notre syst\u00e8me de transport collectif, et nous appr\u00e9cions tout ce que vous faites.<\/p>\n<p>Pas un professionnel du transport collectif ? Pas de probl\u00e8me ! Nous encourageons tous les Canadiens \u00e0 exprimer leur appr\u00e9ciation pour ces h\u00e9ros du quotidien du transport collectif sur les r\u00e9seaux sociaux en utilisant le hashtag <strong>#MerciTransportCollectif.<\/strong><\/p>\n<p>Mettons en lumi\u00e8re ces personnes exceptionnelles qui maintiennent nos communaut\u00e9s connect\u00e9es !<\/p>\n<h2><a href=\"https:\/\/cutaactu.ca\/lactu-souligne-la-journee-dappreciation-des-operateurs-et-travailleurs-du-transport-collectif\/?lang=fr\">Lisez le communiqu\u00e9 de presse.<\/a><\/h2>\n","protected":false},"excerpt":{"rendered":"<p>L\u2019ACTU est fi\u00e8re de souligner le d\u00e9vouement des op\u00e9rateurs de premi\u00e8re ligne, ainsi que la contribution essentielle des \u00e9quipes d\u2019entretien, des m\u00e9caniciens, des r\u00e9partiteurs et de nombreux autres professionnels du transport collectif qui veillent au fonctionnement s\u00e9curitaire et efficace des r\u00e9seaux. Leur engagement contribue \u00e0 garantir que le transport collectif demeure accessible et fiable pour [&hellip;]<\/p>\n","protected":false},"author":742,"featured_media":11193,"comment_status":"closed","ping_status":"open","sticky":false,"template":"","format":"standard","meta":{"_acf_changed":false,"footnotes":""},"categories":[2],"tags":[],"class_list":["post-11191","post","type-post","status-publish","format-standard","has-post-thumbnail","hentry","category-non-classifiee"],"acf":[],"featured_image_src":"https:\/\/members.cutaactu.ca\/wp-content\/uploads\/2026\/03\/879c3ea0-e460-7f55-3c51-23618fc44212-1-600x400.png","featured_image_src_square":"https:\/\/members.cutaactu.ca\/wp-content\/uploads\/2026\/03\/879c3ea0-e460-7f55-3c51-23618fc44212-1-600x600.png","author_info":{"display_name":"Kelly Luke","author_link":"https:\/\/members.cutaactu.ca\/fr\/author\/lukecutaactu-ca\/"},"_links":{"self":[{"href":"https:\/\/members.cutaactu.ca\/fr\/wp-json\/wp\/v2\/posts\/11191","targetHints":{"allow":["GET"]}}],"collection":[{"href":"https:\/\/members.cutaactu.ca\/fr\/wp-json\/wp\/v2\/posts"}],"about":[{"href":"https:\/\/members.cutaactu.ca\/fr\/wp-json\/wp\/v2\/types\/post"}],"author":[{"embeddable":true,"href":"https:\/\/members.cutaactu.ca\/fr\/wp-json\/wp\/v2\/users\/742"}],"replies":[{"embeddable":true,"href":"https:\/\/members.cutaactu.ca\/fr\/wp-json\/wp\/v2\/comments?post=11191"}],"version-history":[{"count":2,"href":"https:\/\/members.cutaactu.ca\/fr\/wp-json\/wp\/v2\/posts\/11191\/revisions"}],"predecessor-version":[{"id":11201,"href":"https:\/\/members.cutaactu.ca\/fr\/wp-json\/wp\/v2\/posts\/11191\/revisions\/11201"}],"wp:featuredmedia":[{"embeddable":true,"href":"https:\/\/members.cutaactu.ca\/fr\/wp-json\/wp\/v2\/media\/11193"}],"wp:attachment":[{"href":"https:\/\/members.cutaactu.ca\/fr\/wp-json\/wp\/v2\/media?parent=11191"}],"wp:term":[{"taxonomy":"category","embeddable":true,"href":"https:\/\/members.cutaactu.ca\/fr\/wp-json\/wp\/v2\/categories?post=11191"},{"taxonomy":"post_tag","embeddable":true,"href":"https:\/\/members.cutaactu.ca\/fr\/wp-json\/wp\/v2\/tags?post=11191"}],"curies":[{"name":"wp","href":"https:\/\/api.w.org\/{rel}","templated":true}]}}