{"id":11153,"date":"2026-03-09T10:40:06","date_gmt":"2026-03-09T14:40:06","guid":{"rendered":"https:\/\/members.cutaactu.ca\/?p=11153"},"modified":"2026-03-09T10:45:32","modified_gmt":"2026-03-09T14:45:32","slug":"les-outils-de-medias-sociaux-de-lactu-pour-la-journee-dappreciation-des-operateurs-et-des-travailleurs-du-transport-collectif","status":"publish","type":"post","link":"https:\/\/members.cutaactu.ca\/fr\/les-outils-de-medias-sociaux-de-lactu-pour-la-journee-dappreciation-des-operateurs-et-des-travailleurs-du-transport-collectif\/","title":{"rendered":"Les outils de m\u00e9dias sociaux de l\u2019ACTU pour la Journ\u00e9e d\u2019appr\u00e9ciation des op\u00e9rateurs et des travailleurs du transport collectif"},"content":{"rendered":"<p>L\u2019ACTU c\u00e9l\u00e8bre la Journ\u00e9e d\u2019appr\u00e9ciation du personnel du transport collectif (18 mars) avec une semaine compl\u00e8te de reconnaissance, qui d\u00e9butera le\u00a016 mars\u00a0et se poursuivra jusqu\u2019au\u00a020 mars.<\/p>\n<p>Chaque jour, les travailleurs du transport collectif partout au pays d\u00e9placent des millions de Canadiens et assurent la connexion de nos communaut\u00e9s. Des op\u00e9rateurs aux m\u00e9caniciens, en passant par les planificateurs, les \u00e9quipes d\u2019entretien et le personnel de s\u00e9curit\u00e9, ces professionnels d\u00e9vou\u00e9s contribuent \u00e0 assurer un service de transport s\u00fbr et efficace.<\/p>\n<p>Chaque ann\u00e9e, les r\u00e9seaux de transport, les entreprises, les usagers et les \u00e9lus reconnaissent et remercient les travailleurs du transport collectif du Canada qui font avancer nos villes. L\u2019ACTU encourage tout le monde \u00e0 exprimer sa reconnaissance envers ces h\u00e9ros du quotidien sur les m\u00e9dias sociaux.<\/p>\n<p>Pour vous aider \u00e0 participer, nous avons cr\u00e9\u00e9 une s\u00e9rie de visuels pour les m\u00e9dias sociaux accompagn\u00e9s d\u2019instructions simples pour les utiliser. Choisissez parmi des visuels pr\u00eats \u00e0 publier ou des mod\u00e8les personnalisables et partagez votre message en utilisant le mot-clic\u00a0<strong>#MerciTransport<\/strong>.<\/p>\n<p class=\"last-child\">Rassemblons-nous pour c\u00e9l\u00e9brer les personnes extraordinaires qui rendent le transport collectif possible.<\/p>\n<h3><\/h3>\n<h3 style=\"text-align: center;\"><strong><a href=\"https:\/\/cutaactu.ca\/towad-fr\/?lang=fr\">Acc\u00e9dez aux resources<\/a><\/strong><\/h3>\n","protected":false},"excerpt":{"rendered":"<p>Choisissez parmi des visuels pr\u00eats \u00e0 publier ou des mod\u00e8les personnalisables et partagez votre message en utilisant le mot-clic\u00a0#MerciTransport.<\/p>\n","protected":false},"author":742,"featured_media":11155,"comment_status":"closed","ping_status":"open","sticky":false,"template":"","format":"standard","meta":{"_acf_changed":false,"footnotes":""},"categories":[2],"tags":[],"class_list":["post-11153","post","type-post","status-publish","format-standard","has-post-thumbnail","hentry","category-non-classifiee"],"acf":[],"featured_image_src":"https:\/\/members.cutaactu.ca\/wp-content\/uploads\/2026\/03\/TOWAD-Banner-FR-03-1-600x400.jpg","featured_image_src_square":"https:\/\/members.cutaactu.ca\/wp-content\/uploads\/2026\/03\/TOWAD-Banner-FR-03-1-600x400.jpg","author_info":{"display_name":"Kelly Luke","author_link":"https:\/\/members.cutaactu.ca\/fr\/author\/lukecutaactu-ca\/"},"_links":{"self":[{"href":"https:\/\/members.cutaactu.ca\/fr\/wp-json\/wp\/v2\/posts\/11153","targetHints":{"allow":["GET"]}}],"collection":[{"href":"https:\/\/members.cutaactu.ca\/fr\/wp-json\/wp\/v2\/posts"}],"about":[{"href":"https:\/\/members.cutaactu.ca\/fr\/wp-json\/wp\/v2\/types\/post"}],"author":[{"embeddable":true,"href":"https:\/\/members.cutaactu.ca\/fr\/wp-json\/wp\/v2\/users\/742"}],"replies":[{"embeddable":true,"href":"https:\/\/members.cutaactu.ca\/fr\/wp-json\/wp\/v2\/comments?post=11153"}],"version-history":[{"count":1,"href":"https:\/\/members.cutaactu.ca\/fr\/wp-json\/wp\/v2\/posts\/11153\/revisions"}],"predecessor-version":[{"id":11156,"href":"https:\/\/members.cutaactu.ca\/fr\/wp-json\/wp\/v2\/posts\/11153\/revisions\/11156"}],"wp:featuredmedia":[{"embeddable":true,"href":"https:\/\/members.cutaactu.ca\/fr\/wp-json\/wp\/v2\/media\/11155"}],"wp:attachment":[{"href":"https:\/\/members.cutaactu.ca\/fr\/wp-json\/wp\/v2\/media?parent=11153"}],"wp:term":[{"taxonomy":"category","embeddable":true,"href":"https:\/\/members.cutaactu.ca\/fr\/wp-json\/wp\/v2\/categories?post=11153"},{"taxonomy":"post_tag","embeddable":true,"href":"https:\/\/members.cutaactu.ca\/fr\/wp-json\/wp\/v2\/tags?post=11153"}],"curies":[{"name":"wp","href":"https:\/\/api.w.org\/{rel}","templated":true}]}}