{"id":11120,"date":"2026-04-06T10:37:39","date_gmt":"2026-04-06T14:37:39","guid":{"rendered":"https:\/\/members.cutaactu.ca\/?p=11120"},"modified":"2026-04-07T15:49:43","modified_gmt":"2026-04-07T19:49:43","slug":"linscription-hative-est-ouverte","status":"publish","type":"post","link":"https:\/\/members.cutaactu.ca\/fr\/linscription-hative-est-ouverte\/","title":{"rendered":"Inscription au tarif h\u00e2tif prolong\u00e9e jusqu\u2019au 13 avril !"},"content":{"rendered":"<p>Joignez-vous \u00e0 nous dans la magnifique ville de Qu\u00e9bec pour le Sommet printanier et l\u2019AGA 2026 de l\u2019ACTU, organis\u00e9 par le R\u00e9seau de transport de la Capitale (RTC)\u00a0<strong>du 31 mai au 2 juin au Hilton Qu\u00e9bec<\/strong>.<\/p>\n<p>Dans le d\u00e9cor exceptionnel de la seule ville fortifi\u00e9e d\u2019Am\u00e9rique du Nord, le Sommet de cette ann\u00e9e mariera riche patrimoine et innovation tourn\u00e9e vers l\u2019avenir. Des rues pav\u00e9es du Vieux-Qu\u00e9bec aux vues panoramiques sur le fleuve Saint-Laurent, les participants d\u00e9couvriront une ville o\u00f9 histoire et mobilit\u00e9 moderne se rencontrent.<\/p>\n<p>Ensemble, nous explorerons l\u2019\u00e9volution du transport collectif canadien, avec des discussions ax\u00e9es sur la technologie, la durabilit\u00e9, la s\u00fbret\u00e9 et la s\u00e9curit\u00e9, l\u2019abordabilit\u00e9 et les grands projets ferroviaires. Alors que la Ville de Qu\u00e9bec fait progresser des projets structurants comme le d\u00e9veloppement du tramway et l\u2019am\u00e9lioration des services rapides par autobus, elle offre un cadre id\u00e9al pour examiner comment les collectivit\u00e9s b\u00e2tissent des r\u00e9seaux de transport r\u00e9silients et tourn\u00e9s vers l\u2019avenir.<\/p>\n<p>Ne manquez pas cette occasion de cr\u00e9er des liens, d\u2019apprendre et de vous inspirer dans l\u2019une des capitales les plus dynamiques et historiques du Canada.<\/p>\n<p class=\"last-child\"><strong><a href=\"https:\/\/cutaactu.eventsair.com\/2026-cuta-spring-summit-and-agm-quebec-city\/registration-inscription\">Inscrivez-vous d\u00e8s maintenant<\/a><\/strong> et utilisez le code\u00a0<strong>2026QUEBEC<\/strong>\u00a0pour profiter du tarif h\u00e2tif avant l\u2019augmentation des prix\u00a0<strong>le 13 avril.<\/strong><\/p>\n<p>&nbsp;<\/p>\n<h2 style=\"text-align: center;\"><strong>H\u00e9bergement \u00e0 l\u2019h\u00f4tel<\/strong><\/h2>\n<p>Pour r\u00e9server au Hilton Qu\u00e9bec, profitez de votre\u00a0<a href=\"https:\/\/book.passkey.com\/event\/51119711\/owner\/22761\/home\" target=\"_blank\" rel=\"noopener\">tarif h\u00f4telier<\/a>\u00a0de groupe \u00e0 299,00 $ CAD par nuit. Date limite de r\u00e9servation :\u00a0<strong>le 30 avril<\/strong>.<\/p>\n<h2><\/h2>\n<h2><\/h2>\n<h2 style=\"text-align: center;\"><strong>Tarif a\u00e9rien<\/strong><\/h2>\n<p><strong>Air Canada : <\/strong>Pour r\u00e9server un vol, acc\u00e9dez \u00e0\u00a0<a href=\"https:\/\/www.aircanada.com\/home\/ca\/en\/aco\/flights\" target=\"_blank\" rel=\"noopener\"><strong>Air Canada<\/strong><\/a>\u00a0et entrez votre code dans la bo\u00eete code promotionnel :\u00a0<strong>W83URHP1<\/strong><\/p>\n<p>&nbsp;<\/p>\n<p><strong>West Jet : <\/strong>Pour r\u00e9server un vol, acc\u00e9dez \u00e0\u00a0<a href=\"https:\/\/www.westjet.com\/en-ca\/flights\/conventions?p=1&amp;discount=enter.code\" target=\"_blank\" rel=\"noopener\"><strong>West Jet\u00a0<\/strong><\/a>et entrez votre code dans la bo\u00eete code promotionnel :\u00a0<strong>0F9L1NV<\/strong><\/p>\n<p>&nbsp;<\/p>\n<p class=\"mcePastedContent\"><strong>Porter : <\/strong>Pour r\u00e9server un vol, acc\u00e9dez \u00e0\u00a0<a href=\"https:\/\/www.flyporter.com\/en-ca\/?promocode=CUTA26\" target=\"_blank\" rel=\"noopener\"><strong>Porter<\/strong><\/a><a href=\"https:\/\/www.westjet.com\/en-ca\/flights\/conventions?p=1&amp;discount=enter.code\" target=\"_blank\" rel=\"noopener\"><strong>\u00a0<\/strong><\/a>et entrez votre code dans la bo\u00eete code promotionnel :\u00a0<strong>CUTA26<\/strong><\/p>\n","protected":false},"excerpt":{"rendered":"<p>Inscrivez-vous d\u00e8s maintenant et utilisez le code\u00a02026QUEBEC\u00a0pour profiter du tarif h\u00e2tif avant l\u2019augmentation des prix\u00a0le 7 avril.<\/p>\n","protected":false},"author":742,"featured_media":11542,"comment_status":"closed","ping_status":"open","sticky":false,"template":"","format":"standard","meta":{"_acf_changed":false,"footnotes":""},"categories":[2],"tags":[],"class_list":["post-11120","post","type-post","status-publish","format-standard","has-post-thumbnail","hentry","category-non-classifiee"],"acf":[],"featured_image_src":"https:\/\/members.cutaactu.ca\/wp-content\/uploads\/2026\/04\/Summit-2026-2-2-1-600x400.png","featured_image_src_square":"https:\/\/members.cutaactu.ca\/wp-content\/uploads\/2026\/04\/Summit-2026-2-2-1-600x600.png","author_info":{"display_name":"Kelly Luke","author_link":"https:\/\/members.cutaactu.ca\/fr\/author\/lukecutaactu-ca\/"},"_links":{"self":[{"href":"https:\/\/members.cutaactu.ca\/fr\/wp-json\/wp\/v2\/posts\/11120","targetHints":{"allow":["GET"]}}],"collection":[{"href":"https:\/\/members.cutaactu.ca\/fr\/wp-json\/wp\/v2\/posts"}],"about":[{"href":"https:\/\/members.cutaactu.ca\/fr\/wp-json\/wp\/v2\/types\/post"}],"author":[{"embeddable":true,"href":"https:\/\/members.cutaactu.ca\/fr\/wp-json\/wp\/v2\/users\/742"}],"replies":[{"embeddable":true,"href":"https:\/\/members.cutaactu.ca\/fr\/wp-json\/wp\/v2\/comments?post=11120"}],"version-history":[{"count":6,"href":"https:\/\/members.cutaactu.ca\/fr\/wp-json\/wp\/v2\/posts\/11120\/revisions"}],"predecessor-version":[{"id":11543,"href":"https:\/\/members.cutaactu.ca\/fr\/wp-json\/wp\/v2\/posts\/11120\/revisions\/11543"}],"wp:featuredmedia":[{"embeddable":true,"href":"https:\/\/members.cutaactu.ca\/fr\/wp-json\/wp\/v2\/media\/11542"}],"wp:attachment":[{"href":"https:\/\/members.cutaactu.ca\/fr\/wp-json\/wp\/v2\/media?parent=11120"}],"wp:term":[{"taxonomy":"category","embeddable":true,"href":"https:\/\/members.cutaactu.ca\/fr\/wp-json\/wp\/v2\/categories?post=11120"},{"taxonomy":"post_tag","embeddable":true,"href":"https:\/\/members.cutaactu.ca\/fr\/wp-json\/wp\/v2\/tags?post=11120"}],"curies":[{"name":"wp","href":"https:\/\/api.w.org\/{rel}","templated":true}]}}