{"id":11036,"date":"2026-02-26T13:00:51","date_gmt":"2026-02-26T18:00:51","guid":{"rendered":"https:\/\/members.cutaactu.ca\/?p=11036"},"modified":"2026-02-26T15:04:50","modified_gmt":"2026-02-26T20:04:50","slug":"celebrons-les-femmes-qui-faconnent-le-transport-collectif","status":"publish","type":"post","link":"https:\/\/members.cutaactu.ca\/fr\/celebrons-les-femmes-qui-faconnent-le-transport-collectif\/","title":{"rendered":"C\u00e9l\u00e9brons les femmes qui fa\u00e7onnent le transport collectif"},"content":{"rendered":"<p>Nous vous invitons \u00e0 vous joindre \u00e0 nous pour un webinaire sp\u00e9cial \u00e0 l\u2019occasion de la Journ\u00e9e internationale des femmes !<\/p>\n<p><strong>Quand :<\/strong> le 6 mars : 11 h \u00e0 12 h (heure de l\u2019Est)<\/p>\n<p>Cette discussion dynamique mettra en lumi\u00e8re les exp\u00e9riences, les parcours de leadership et les contributions des femmes dans le secteur du transport collectif. La conversation portera sur les cheminements de carri\u00e8re, les le\u00e7ons apprises, le mentorat et l\u2019avancement des femmes au sein de notre industrie.<\/p>\n<p>Inspir\u00e9 par le th\u00e8me de cette ann\u00e9e, \u00ab Donner pour recevoir \u00bb, le panel r\u00e9fl\u00e9chira \u00e0 la fa\u00e7on dont la collaboration et le soutien mutuel renforcent non seulement les carri\u00e8res individuelles, mais aussi l\u2019ensemble du secteur du transport collectif.<\/p>\n<p><strong>Nous sommes heureux d\u2019accueillir nos conf\u00e9renci\u00e8res invit\u00e9es :<\/strong><\/p>\n<ul>\n<li>Michelle Jones, gestionnaire principale de projets, Jacobs<\/li>\n<li>Maureen Cosyn Heath, directrice du transport en commun, MiWay<\/li>\n<li>Carrie Hotton-MacDonald, directrice du transport en commun, Edmonton Transit Service<\/li>\n<\/ul>\n<p>Ensemble, elles partageront leurs perspectives, leurs exp\u00e9riences et des conseils pratiques destin\u00e9s aux professionnels \u00e0 toutes les \u00e9tapes de leur carri\u00e8re. Nous encourageons tous les membres \u00e0 participer et \u00e0 prendre part \u00e0 cette importante conversation c\u00e9l\u00e9brant le leadership, la croissance et le progr\u00e8s collectif en transport collectif.<\/p>\n<h2><strong><a href=\"https:\/\/us02web.zoom.us\/webinar\/register\/WN_hRNzHMBiTmW34Nln3ktc4Q#\/registration\">Inscrivez-vous d\u00e8s maintenant : Au plaisir de vous y voir !<\/a><\/strong><\/h2>\n","protected":false},"excerpt":{"rendered":"<p>Nous vous invitons \u00e0 vous joindre \u00e0 nous pour un webinaire sp\u00e9cial \u00e0 l\u2019occasion de la Journ\u00e9e internationale des femmes !<\/p>\n","protected":false},"author":742,"featured_media":11045,"comment_status":"closed","ping_status":"open","sticky":false,"template":"","format":"standard","meta":{"_acf_changed":false,"footnotes":""},"categories":[2],"tags":[],"class_list":["post-11036","post","type-post","status-publish","format-standard","has-post-thumbnail","hentry","category-non-classifiee"],"acf":[],"featured_image_src":"https:\/\/members.cutaactu.ca\/wp-content\/uploads\/2026\/02\/International-Womens-Day-Webinar-5-1-600x400.png","featured_image_src_square":"https:\/\/members.cutaactu.ca\/wp-content\/uploads\/2026\/02\/International-Womens-Day-Webinar-5-1-600x600.png","author_info":{"display_name":"Kelly Luke","author_link":"https:\/\/members.cutaactu.ca\/fr\/author\/lukecutaactu-ca\/"},"_links":{"self":[{"href":"https:\/\/members.cutaactu.ca\/fr\/wp-json\/wp\/v2\/posts\/11036","targetHints":{"allow":["GET"]}}],"collection":[{"href":"https:\/\/members.cutaactu.ca\/fr\/wp-json\/wp\/v2\/posts"}],"about":[{"href":"https:\/\/members.cutaactu.ca\/fr\/wp-json\/wp\/v2\/types\/post"}],"author":[{"embeddable":true,"href":"https:\/\/members.cutaactu.ca\/fr\/wp-json\/wp\/v2\/users\/742"}],"replies":[{"embeddable":true,"href":"https:\/\/members.cutaactu.ca\/fr\/wp-json\/wp\/v2\/comments?post=11036"}],"version-history":[{"count":7,"href":"https:\/\/members.cutaactu.ca\/fr\/wp-json\/wp\/v2\/posts\/11036\/revisions"}],"predecessor-version":[{"id":11055,"href":"https:\/\/members.cutaactu.ca\/fr\/wp-json\/wp\/v2\/posts\/11036\/revisions\/11055"}],"wp:featuredmedia":[{"embeddable":true,"href":"https:\/\/members.cutaactu.ca\/fr\/wp-json\/wp\/v2\/media\/11045"}],"wp:attachment":[{"href":"https:\/\/members.cutaactu.ca\/fr\/wp-json\/wp\/v2\/media?parent=11036"}],"wp:term":[{"taxonomy":"category","embeddable":true,"href":"https:\/\/members.cutaactu.ca\/fr\/wp-json\/wp\/v2\/categories?post=11036"},{"taxonomy":"post_tag","embeddable":true,"href":"https:\/\/members.cutaactu.ca\/fr\/wp-json\/wp\/v2\/tags?post=11036"}],"curies":[{"name":"wp","href":"https:\/\/api.w.org\/{rel}","templated":true}]}}