{"id":10906,"date":"2026-02-05T15:34:30","date_gmt":"2026-02-05T20:34:30","guid":{"rendered":"https:\/\/members.cutaactu.ca\/?p=10906"},"modified":"2026-02-05T15:37:38","modified_gmt":"2026-02-05T20:37:38","slug":"partagez-votre-reussite-en-matiere-de-perception-des-tarifs","status":"publish","type":"post","link":"https:\/\/members.cutaactu.ca\/fr\/partagez-votre-reussite-en-matiere-de-perception-des-tarifs\/","title":{"rendered":"Partagez votre r\u00e9ussite en mati\u00e8re de perception des tarifs !"},"content":{"rendered":"<p class=\"mcePastedContent\">Votre organisation a-t-elle r\u00e9cemment mis en place des technologies novatrices de perception des tarifs ou r\u00e9alis\u00e9 des avanc\u00e9es marquantes dans ses syst\u00e8mes tarifaires? Nous voulons conna\u00eetre votre histoire! Soumettez votre article pour l\u2019\u00e9dition printani\u00e8re du magazine\u00a0<em>Forum<\/em>, qui co\u00efncidera avec notre prochain Sommet du printemps. C\u2019est l\u2019occasion de mettre en valeur vos r\u00e9alisations, d\u2019inspirer vos pairs du secteur et de contribuer \u00e0 fa\u00e7onner l\u2019avenir du transport collectif au Canada. Ne manquez pas cette occasion!<\/p>\n<p class=\"mcePastedContent last-child\">Date limite :\u00a0<strong>2 mars<\/strong><br \/>\nSoumettez votre article :\u00a0<a href=\"https:\/\/us10.admin.mailchimp.com\/campaigns\/preview-content-html?id=13848397\"><strong>communications@cutaactu.ca<\/strong><\/a><\/p>\n","protected":false},"excerpt":{"rendered":"<p>C\u2019est l\u2019occasion de mettre en valeur vos r\u00e9alisations, d\u2019inspirer vos pairs du secteur et de contribuer \u00e0 fa\u00e7onner l\u2019avenir du transport collectif au Canada. Ne manquez pas cette occasion!<\/p>\n","protected":false},"author":742,"featured_media":10613,"comment_status":"closed","ping_status":"open","sticky":false,"template":"","format":"standard","meta":{"_acf_changed":false,"footnotes":""},"categories":[2],"tags":[],"class_list":["post-10906","post","type-post","status-publish","format-standard","has-post-thumbnail","hentry","category-non-classifiee"],"acf":[],"featured_image_src":"https:\/\/members.cutaactu.ca\/wp-content\/uploads\/2026\/01\/1768232063538-2-600x400.jpg","featured_image_src_square":"https:\/\/members.cutaactu.ca\/wp-content\/uploads\/2026\/01\/1768232063538-2-600x530.jpg","author_info":{"display_name":"Kelly Luke","author_link":"https:\/\/members.cutaactu.ca\/fr\/author\/lukecutaactu-ca\/"},"_links":{"self":[{"href":"https:\/\/members.cutaactu.ca\/fr\/wp-json\/wp\/v2\/posts\/10906","targetHints":{"allow":["GET"]}}],"collection":[{"href":"https:\/\/members.cutaactu.ca\/fr\/wp-json\/wp\/v2\/posts"}],"about":[{"href":"https:\/\/members.cutaactu.ca\/fr\/wp-json\/wp\/v2\/types\/post"}],"author":[{"embeddable":true,"href":"https:\/\/members.cutaactu.ca\/fr\/wp-json\/wp\/v2\/users\/742"}],"replies":[{"embeddable":true,"href":"https:\/\/members.cutaactu.ca\/fr\/wp-json\/wp\/v2\/comments?post=10906"}],"version-history":[{"count":1,"href":"https:\/\/members.cutaactu.ca\/fr\/wp-json\/wp\/v2\/posts\/10906\/revisions"}],"predecessor-version":[{"id":10907,"href":"https:\/\/members.cutaactu.ca\/fr\/wp-json\/wp\/v2\/posts\/10906\/revisions\/10907"}],"wp:featuredmedia":[{"embeddable":true,"href":"https:\/\/members.cutaactu.ca\/fr\/wp-json\/wp\/v2\/media\/10613"}],"wp:attachment":[{"href":"https:\/\/members.cutaactu.ca\/fr\/wp-json\/wp\/v2\/media?parent=10906"}],"wp:term":[{"taxonomy":"category","embeddable":true,"href":"https:\/\/members.cutaactu.ca\/fr\/wp-json\/wp\/v2\/categories?post=10906"},{"taxonomy":"post_tag","embeddable":true,"href":"https:\/\/members.cutaactu.ca\/fr\/wp-json\/wp\/v2\/tags?post=10906"}],"curies":[{"name":"wp","href":"https:\/\/api.w.org\/{rel}","templated":true}]}}