{"id":10675,"date":"2026-01-14T15:06:33","date_gmt":"2026-01-14T20:06:33","guid":{"rendered":"https:\/\/members.cutaactu.ca\/?p=10675"},"modified":"2026-01-14T15:10:22","modified_gmt":"2026-01-14T20:10:22","slug":"appel-de-candidatures-secretaire-yelsc","status":"publish","type":"post","link":"https:\/\/members.cutaactu.ca\/fr\/appel-de-candidatures-secretaire-yelsc\/","title":{"rendered":"Appel de candidatures : Secr\u00e9taire (YELSC)"},"content":{"rendered":"<p>Nous avons le plaisir d\u2019annoncer que Reeya Dalpati a \u00e9t\u00e9 nomm\u00e9e vice-pr\u00e9sidente du Sous-comit\u00e9 des jeunes et leaders \u00e9mergents (YELSC). \u00c0 la suite de sa nomination, nous lan\u00e7ons un appel de candidatures pour le poste de secr\u00e9taire. Il s\u2019agit d\u2019une excellente occasion pour un(e) leader \u00e9mergent(e) de contribuer aux travaux du comit\u00e9 et d\u2019acqu\u00e9rir une exp\u00e9rience concr\u00e8te en leadership au sein de l\u2019industrie du transport collectif.<\/p>\n<p><strong>Responsabilit\u00e9s du ou de la secr\u00e9taire :<\/strong><\/p>\n<p>Soutenir le travail administratif du sous-comit\u00e9, notamment la coordination des r\u00e9unions, la prise de notes, la pr\u00e9paration de pr\u00e9sentations et l\u2019int\u00e9gration des membres; assister \u00e0 toutes les r\u00e9unions mensuelles du YELSC, y compris les r\u00e9unions du comit\u00e9 g\u00e9n\u00e9ral et des responsables de volets; et contribuer par des id\u00e9es, des points de vue et des commentaires aux initiatives et projets du YELSC.<\/p>\n<p><strong>Engagement en temps :<\/strong><\/p>\n<p>Environ trois \u00e0 quatre heures par mois, selon la p\u00e9riode de l\u2019ann\u00e9e. Les candidats doivent \u00eatre en mesure de s\u2019engager pour une dur\u00e9e minimale d\u2019un an, jusqu\u2019au prochain Sommet des jeunes leaders en 2027.<\/p>\n<p><strong>Comment postuler :<\/strong><\/p>\n<p>Les membres int\u00e9ress\u00e9s sont invit\u00e9s \u00e0 soumettre une courte d\u00e9claration d\u2019int\u00e9r\u00eat pr\u00e9sentant leur parcours, toute exp\u00e9rience pertinente et les raisons pour lesquelles ils souhaitent occuper le poste de secr\u00e9taire. Les candidatures doivent \u00eatre envoy\u00e9es \u00e0 Patrick Yutiga (<a href=\"mailto:patrick.yutiga@ttc.ca?subject=&amp;body=\">patrick.yutiga@ttc.ca<\/a>) et \u00e0 Reeya Dalpati (<a href=\"mailto:reeya@ltrt.ca?subject=&amp;body=\">reeya@ltrt.ca<\/a>) au plus tard <strong>le 26 janvier <\/strong>en fin de journ\u00e9e.<\/p>\n","protected":false},"excerpt":{"rendered":"<p>Nous lan\u00e7ons un appel de candidatures pour le poste de secr\u00e9taire. Date limite: le 26 janvier. <\/p>\n","protected":false},"author":742,"featured_media":10504,"comment_status":"closed","ping_status":"open","sticky":false,"template":"","format":"standard","meta":{"_acf_changed":false,"footnotes":""},"categories":[2],"tags":[],"class_list":["post-10675","post","type-post","status-publish","format-standard","has-post-thumbnail","hentry","category-non-classifiee"],"acf":[],"featured_image_src":"https:\/\/members.cutaactu.ca\/wp-content\/uploads\/2025\/12\/CUTA_ACTU-600x400.png","featured_image_src_square":"https:\/\/members.cutaactu.ca\/wp-content\/uploads\/2025\/12\/CUTA_ACTU-600x600.png","author_info":{"display_name":"Kelly Luke","author_link":"https:\/\/members.cutaactu.ca\/fr\/author\/lukecutaactu-ca\/"},"_links":{"self":[{"href":"https:\/\/members.cutaactu.ca\/fr\/wp-json\/wp\/v2\/posts\/10675","targetHints":{"allow":["GET"]}}],"collection":[{"href":"https:\/\/members.cutaactu.ca\/fr\/wp-json\/wp\/v2\/posts"}],"about":[{"href":"https:\/\/members.cutaactu.ca\/fr\/wp-json\/wp\/v2\/types\/post"}],"author":[{"embeddable":true,"href":"https:\/\/members.cutaactu.ca\/fr\/wp-json\/wp\/v2\/users\/742"}],"replies":[{"embeddable":true,"href":"https:\/\/members.cutaactu.ca\/fr\/wp-json\/wp\/v2\/comments?post=10675"}],"version-history":[{"count":0,"href":"https:\/\/members.cutaactu.ca\/fr\/wp-json\/wp\/v2\/posts\/10675\/revisions"}],"wp:featuredmedia":[{"embeddable":true,"href":"https:\/\/members.cutaactu.ca\/fr\/wp-json\/wp\/v2\/media\/10504"}],"wp:attachment":[{"href":"https:\/\/members.cutaactu.ca\/fr\/wp-json\/wp\/v2\/media?parent=10675"}],"wp:term":[{"taxonomy":"category","embeddable":true,"href":"https:\/\/members.cutaactu.ca\/fr\/wp-json\/wp\/v2\/categories?post=10675"},{"taxonomy":"post_tag","embeddable":true,"href":"https:\/\/members.cutaactu.ca\/fr\/wp-json\/wp\/v2\/tags?post=10675"}],"curies":[{"name":"wp","href":"https:\/\/api.w.org\/{rel}","templated":true}]}}